{"id":1590,"date":"2023-10-03T11:12:52","date_gmt":"2023-10-03T11:12:52","guid":{"rendered":"https:\/\/vestigecollection.sidnpre.com\/son-ermita-binifufa\/?p=1590"},"modified":"2024-05-21T15:03:12","modified_gmt":"2024-05-21T15:03:12","slug":"visite-artistique-de-ciutadella","status":"publish","type":"post","link":"https:\/\/vestigecollection.com\/son-ermita-binidufa\/fr\/visite-artistique-de-ciutadella\/","title":{"rendered":"Visite artistique de Ciutadella"},"content":{"rendered":"<p><span style=\"font-weight: 400\">Ciutadella est un v\u00e9ritable tr\u00e9sor\u00a0: outre sa riche histoire, elle propose d\u2019excellents restaurants, des boutiques \u00e9l\u00e9gantes et une sc\u00e8ne artistique dynamique. En compagnie d\u2019un guide sp\u00e9cialis\u00e9, visitez une galerie, une fondation, une collection priv\u00e9e et un atelier d\u2019artiste pour comprendre les ressorts actuels de l\u2019art et de l\u2019inspiration \u00e0 Minorque.<\/span><\/p>\n","protected":false},"excerpt":{"rendered":"<p>Ciutadella est un v\u00e9ritable tr\u00e9sor\u00a0: outre sa riche histoire, elle propose d\u2019excellents restaurants, des boutiques \u00e9l\u00e9gantes et une sc\u00e8ne artistique dynamique. En compagnie d\u2019un guide sp\u00e9cialis\u00e9, visitez une galerie, une fondation, une collection priv\u00e9e et un atelier d\u2019artiste pour comprendre les ressorts actuels de l\u2019art et de l\u2019inspiration \u00e0 Minorque.<\/p>\n","protected":false},"author":12,"featured_media":2078,"comment_status":"open","ping_status":"open","sticky":false,"template":"","format":"standard","meta":{"_acf_changed":false,"footnotes":""},"categories":[36],"tags":[],"class_list":["post-1590","post","type-post","status-publish","format-standard","has-post-thumbnail","hentry","category-terre"],"acf":[],"yoast_head":"<!-- This site is optimized with the Yoast SEO plugin v27.2 - https:\/\/yoast.com\/product\/yoast-seo-wordpress\/ -->\n<title>Visite artistique de Ciutadella - Son Ermit\u00e1 &amp; Biniduf\u00e1<\/title>\n<meta name=\"robots\" content=\"index, follow, max-snippet:-1, max-image-preview:large, max-video-preview:-1\" \/>\n<link rel=\"canonical\" href=\"https:\/\/vestigecollection.com\/son-ermita-binidufa\/fr\/visite-artistique-de-ciutadella\/\" \/>\n<meta property=\"og:locale\" content=\"fr_FR\" \/>\n<meta property=\"og:type\" content=\"article\" \/>\n<meta property=\"og:title\" content=\"Visite artistique de Ciutadella - Son Ermit\u00e1 &amp; Biniduf\u00e1\" \/>\n<meta property=\"og:description\" content=\"Ciutadella est un v\u00e9ritable tr\u00e9sor\u00a0: outre sa riche histoire, elle propose d\u2019excellents restaurants, des boutiques \u00e9l\u00e9gantes et une sc\u00e8ne artistique dynamique. En compagnie d\u2019un guide sp\u00e9cialis\u00e9, visitez une galerie, une fondation, une collection priv\u00e9e et un atelier d\u2019artiste pour comprendre les ressorts actuels de l\u2019art et de l\u2019inspiration \u00e0 Minorque.\" \/>\n<meta property=\"og:url\" content=\"https:\/\/vestigecollection.com\/son-ermita-binidufa\/fr\/visite-artistique-de-ciutadella\/\" \/>\n<meta property=\"og:site_name\" content=\"Son Ermit\u00e1 &amp; Biniduf\u00e1\" \/>\n<meta property=\"article:published_time\" content=\"2023-10-03T11:12:52+00:00\" \/>\n<meta property=\"article:modified_time\" content=\"2024-05-21T15:03:12+00:00\" \/>\n<meta property=\"og:image\" content=\"https:\/\/vestigecollection.com\/son-ermita-binidufa\/wp-content\/uploads\/sites\/6\/2023\/10\/Art-Tour-of-Ciutadella-1-compressed.jpg\" \/>\n\t<meta property=\"og:image:width\" content=\"1000\" \/>\n\t<meta property=\"og:image:height\" content=\"667\" \/>\n\t<meta property=\"og:image:type\" content=\"image\/jpeg\" \/>\n<meta name=\"author\" content=\"celia\" \/>\n<meta name=\"twitter:card\" content=\"summary_large_image\" \/>\n<meta name=\"twitter:label1\" content=\"\u00c9crit par\" \/>\n\t<meta name=\"twitter:data1\" content=\"celia\" \/>\n\t<meta name=\"twitter:label2\" content=\"Dur\u00e9e de lecture estim\u00e9e\" \/>\n\t<meta name=\"twitter:data2\" content=\"1 minute\" \/>\n<script type=\"application\/ld+json\" class=\"yoast-schema-graph\">{\"@context\":\"https:\/\/schema.org\",\"@graph\":[{\"@type\":\"Article\",\"@id\":\"https:\/\/vestigecollection.com\/son-ermita-binidufa\/fr\/visite-artistique-de-ciutadella\/#article\",\"isPartOf\":{\"@id\":\"https:\/\/vestigecollection.com\/son-ermita-binidufa\/fr\/visite-artistique-de-ciutadella\/\"},\"author\":{\"name\":\"celia\",\"@id\":\"https:\/\/vestigecollection.com\/son-ermita-binidufa\/fr\/#\/schema\/person\/9aea2d88e1bad3cc08730e33d1a53712\"},\"headline\":\"Visite artistique de Ciutadella\",\"datePublished\":\"2023-10-03T11:12:52+00:00\",\"dateModified\":\"2024-05-21T15:03:12+00:00\",\"mainEntityOfPage\":{\"@id\":\"https:\/\/vestigecollection.com\/son-ermita-binidufa\/fr\/visite-artistique-de-ciutadella\/\"},\"wordCount\":64,\"commentCount\":0,\"image\":{\"@id\":\"https:\/\/vestigecollection.com\/son-ermita-binidufa\/fr\/visite-artistique-de-ciutadella\/#primaryimage\"},\"thumbnailUrl\":\"https:\/\/vestigecollection.com\/son-ermita-binidufa\/wp-content\/uploads\/sites\/6\/2023\/10\/Art-Tour-of-Ciutadella-1-compressed.jpg\",\"articleSection\":[\"TERRE\"],\"inLanguage\":\"fr-FR\",\"potentialAction\":[{\"@type\":\"CommentAction\",\"name\":\"Comment\",\"target\":[\"https:\/\/vestigecollection.com\/son-ermita-binidufa\/fr\/visite-artistique-de-ciutadella\/#respond\"]}]},{\"@type\":\"WebPage\",\"@id\":\"https:\/\/vestigecollection.com\/son-ermita-binidufa\/fr\/visite-artistique-de-ciutadella\/\",\"url\":\"https:\/\/vestigecollection.com\/son-ermita-binidufa\/fr\/visite-artistique-de-ciutadella\/\",\"name\":\"Visite artistique de Ciutadella - Son Ermit\u00e1 & Biniduf\u00e1\",\"isPartOf\":{\"@id\":\"https:\/\/vestigecollection.com\/son-ermita-binidufa\/fr\/#website\"},\"primaryImageOfPage\":{\"@id\":\"https:\/\/vestigecollection.com\/son-ermita-binidufa\/fr\/visite-artistique-de-ciutadella\/#primaryimage\"},\"image\":{\"@id\":\"https:\/\/vestigecollection.com\/son-ermita-binidufa\/fr\/visite-artistique-de-ciutadella\/#primaryimage\"},\"thumbnailUrl\":\"https:\/\/vestigecollection.com\/son-ermita-binidufa\/wp-content\/uploads\/sites\/6\/2023\/10\/Art-Tour-of-Ciutadella-1-compressed.jpg\",\"datePublished\":\"2023-10-03T11:12:52+00:00\",\"dateModified\":\"2024-05-21T15:03:12+00:00\",\"author\":{\"@id\":\"https:\/\/vestigecollection.com\/son-ermita-binidufa\/fr\/#\/schema\/person\/9aea2d88e1bad3cc08730e33d1a53712\"},\"breadcrumb\":{\"@id\":\"https:\/\/vestigecollection.com\/son-ermita-binidufa\/fr\/visite-artistique-de-ciutadella\/#breadcrumb\"},\"inLanguage\":\"fr-FR\",\"potentialAction\":[{\"@type\":\"ReadAction\",\"target\":[\"https:\/\/vestigecollection.com\/son-ermita-binidufa\/fr\/visite-artistique-de-ciutadella\/\"]}]},{\"@type\":\"ImageObject\",\"inLanguage\":\"fr-FR\",\"@id\":\"https:\/\/vestigecollection.com\/son-ermita-binidufa\/fr\/visite-artistique-de-ciutadella\/#primaryimage\",\"url\":\"https:\/\/vestigecollection.com\/son-ermita-binidufa\/wp-content\/uploads\/sites\/6\/2023\/10\/Art-Tour-of-Ciutadella-1-compressed.jpg\",\"contentUrl\":\"https:\/\/vestigecollection.com\/son-ermita-binidufa\/wp-content\/uploads\/sites\/6\/2023\/10\/Art-Tour-of-Ciutadella-1-compressed.jpg\",\"width\":1000,\"height\":667,\"caption\":\"Art Tour of Ciutadella (1) compressed\"},{\"@type\":\"BreadcrumbList\",\"@id\":\"https:\/\/vestigecollection.com\/son-ermita-binidufa\/fr\/visite-artistique-de-ciutadella\/#breadcrumb\",\"itemListElement\":[{\"@type\":\"ListItem\",\"position\":1,\"name\":\"Home\",\"item\":\"https:\/\/vestigecollection.com\/son-ermita-binidufa\/fr\/\"},{\"@type\":\"ListItem\",\"position\":2,\"name\":\"Visite artistique de Ciutadella\"}]},{\"@type\":\"WebSite\",\"@id\":\"https:\/\/vestigecollection.com\/son-ermita-binidufa\/fr\/#website\",\"url\":\"https:\/\/vestigecollection.com\/son-ermita-binidufa\/fr\/\",\"name\":\"Son Ermit\u00e1 & Biniduf\u00e1\",\"description\":\"Vestige Collection\",\"potentialAction\":[{\"@type\":\"SearchAction\",\"target\":{\"@type\":\"EntryPoint\",\"urlTemplate\":\"https:\/\/vestigecollection.com\/son-ermita-binidufa\/fr\/?s={search_term_string}\"},\"query-input\":{\"@type\":\"PropertyValueSpecification\",\"valueRequired\":true,\"valueName\":\"search_term_string\"}}],\"inLanguage\":\"fr-FR\"},{\"@type\":\"Person\",\"@id\":\"https:\/\/vestigecollection.com\/son-ermita-binidufa\/fr\/#\/schema\/person\/9aea2d88e1bad3cc08730e33d1a53712\",\"name\":\"celia\",\"image\":{\"@type\":\"ImageObject\",\"inLanguage\":\"fr-FR\",\"@id\":\"https:\/\/secure.gravatar.com\/avatar\/0603269103118debd1bbf1de700892df656c828016655bd7b4450bac777e5749?s=96&d=mm&r=g\",\"url\":\"https:\/\/secure.gravatar.com\/avatar\/0603269103118debd1bbf1de700892df656c828016655bd7b4450bac777e5749?s=96&d=mm&r=g\",\"contentUrl\":\"https:\/\/secure.gravatar.com\/avatar\/0603269103118debd1bbf1de700892df656c828016655bd7b4450bac777e5749?s=96&d=mm&r=g\",\"caption\":\"celia\"}}]}<\/script>\n<!-- \/ Yoast SEO plugin. -->","yoast_head_json":{"title":"Visite artistique de Ciutadella - Son Ermit\u00e1 & Biniduf\u00e1","robots":{"index":"index","follow":"follow","max-snippet":"max-snippet:-1","max-image-preview":"max-image-preview:large","max-video-preview":"max-video-preview:-1"},"canonical":"https:\/\/vestigecollection.com\/son-ermita-binidufa\/fr\/visite-artistique-de-ciutadella\/","og_locale":"fr_FR","og_type":"article","og_title":"Visite artistique de Ciutadella - Son Ermit\u00e1 & Biniduf\u00e1","og_description":"Ciutadella est un v\u00e9ritable tr\u00e9sor\u00a0: outre sa riche histoire, elle propose d\u2019excellents restaurants, des boutiques \u00e9l\u00e9gantes et une sc\u00e8ne artistique dynamique. En compagnie d\u2019un guide sp\u00e9cialis\u00e9, visitez une galerie, une fondation, une collection priv\u00e9e et un atelier d\u2019artiste pour comprendre les ressorts actuels de l\u2019art et de l\u2019inspiration \u00e0 Minorque.","og_url":"https:\/\/vestigecollection.com\/son-ermita-binidufa\/fr\/visite-artistique-de-ciutadella\/","og_site_name":"Son Ermit\u00e1 & Biniduf\u00e1","article_published_time":"2023-10-03T11:12:52+00:00","article_modified_time":"2024-05-21T15:03:12+00:00","og_image":[{"width":1000,"height":667,"url":"https:\/\/vestigecollection.com\/son-ermita-binidufa\/wp-content\/uploads\/sites\/6\/2023\/10\/Art-Tour-of-Ciutadella-1-compressed.jpg","type":"image\/jpeg"}],"author":"celia","twitter_card":"summary_large_image","twitter_misc":{"\u00c9crit par":"celia","Dur\u00e9e de lecture estim\u00e9e":"1 minute"},"schema":{"@context":"https:\/\/schema.org","@graph":[{"@type":"Article","@id":"https:\/\/vestigecollection.com\/son-ermita-binidufa\/fr\/visite-artistique-de-ciutadella\/#article","isPartOf":{"@id":"https:\/\/vestigecollection.com\/son-ermita-binidufa\/fr\/visite-artistique-de-ciutadella\/"},"author":{"name":"celia","@id":"https:\/\/vestigecollection.com\/son-ermita-binidufa\/fr\/#\/schema\/person\/9aea2d88e1bad3cc08730e33d1a53712"},"headline":"Visite artistique de Ciutadella","datePublished":"2023-10-03T11:12:52+00:00","dateModified":"2024-05-21T15:03:12+00:00","mainEntityOfPage":{"@id":"https:\/\/vestigecollection.com\/son-ermita-binidufa\/fr\/visite-artistique-de-ciutadella\/"},"wordCount":64,"commentCount":0,"image":{"@id":"https:\/\/vestigecollection.com\/son-ermita-binidufa\/fr\/visite-artistique-de-ciutadella\/#primaryimage"},"thumbnailUrl":"https:\/\/vestigecollection.com\/son-ermita-binidufa\/wp-content\/uploads\/sites\/6\/2023\/10\/Art-Tour-of-Ciutadella-1-compressed.jpg","articleSection":["TERRE"],"inLanguage":"fr-FR","potentialAction":[{"@type":"CommentAction","name":"Comment","target":["https:\/\/vestigecollection.com\/son-ermita-binidufa\/fr\/visite-artistique-de-ciutadella\/#respond"]}]},{"@type":"WebPage","@id":"https:\/\/vestigecollection.com\/son-ermita-binidufa\/fr\/visite-artistique-de-ciutadella\/","url":"https:\/\/vestigecollection.com\/son-ermita-binidufa\/fr\/visite-artistique-de-ciutadella\/","name":"Visite artistique de Ciutadella - Son Ermit\u00e1 & Biniduf\u00e1","isPartOf":{"@id":"https:\/\/vestigecollection.com\/son-ermita-binidufa\/fr\/#website"},"primaryImageOfPage":{"@id":"https:\/\/vestigecollection.com\/son-ermita-binidufa\/fr\/visite-artistique-de-ciutadella\/#primaryimage"},"image":{"@id":"https:\/\/vestigecollection.com\/son-ermita-binidufa\/fr\/visite-artistique-de-ciutadella\/#primaryimage"},"thumbnailUrl":"https:\/\/vestigecollection.com\/son-ermita-binidufa\/wp-content\/uploads\/sites\/6\/2023\/10\/Art-Tour-of-Ciutadella-1-compressed.jpg","datePublished":"2023-10-03T11:12:52+00:00","dateModified":"2024-05-21T15:03:12+00:00","author":{"@id":"https:\/\/vestigecollection.com\/son-ermita-binidufa\/fr\/#\/schema\/person\/9aea2d88e1bad3cc08730e33d1a53712"},"breadcrumb":{"@id":"https:\/\/vestigecollection.com\/son-ermita-binidufa\/fr\/visite-artistique-de-ciutadella\/#breadcrumb"},"inLanguage":"fr-FR","potentialAction":[{"@type":"ReadAction","target":["https:\/\/vestigecollection.com\/son-ermita-binidufa\/fr\/visite-artistique-de-ciutadella\/"]}]},{"@type":"ImageObject","inLanguage":"fr-FR","@id":"https:\/\/vestigecollection.com\/son-ermita-binidufa\/fr\/visite-artistique-de-ciutadella\/#primaryimage","url":"https:\/\/vestigecollection.com\/son-ermita-binidufa\/wp-content\/uploads\/sites\/6\/2023\/10\/Art-Tour-of-Ciutadella-1-compressed.jpg","contentUrl":"https:\/\/vestigecollection.com\/son-ermita-binidufa\/wp-content\/uploads\/sites\/6\/2023\/10\/Art-Tour-of-Ciutadella-1-compressed.jpg","width":1000,"height":667,"caption":"Art Tour of Ciutadella (1) compressed"},{"@type":"BreadcrumbList","@id":"https:\/\/vestigecollection.com\/son-ermita-binidufa\/fr\/visite-artistique-de-ciutadella\/#breadcrumb","itemListElement":[{"@type":"ListItem","position":1,"name":"Home","item":"https:\/\/vestigecollection.com\/son-ermita-binidufa\/fr\/"},{"@type":"ListItem","position":2,"name":"Visite artistique de Ciutadella"}]},{"@type":"WebSite","@id":"https:\/\/vestigecollection.com\/son-ermita-binidufa\/fr\/#website","url":"https:\/\/vestigecollection.com\/son-ermita-binidufa\/fr\/","name":"Son Ermit\u00e1 & Biniduf\u00e1","description":"Vestige Collection","potentialAction":[{"@type":"SearchAction","target":{"@type":"EntryPoint","urlTemplate":"https:\/\/vestigecollection.com\/son-ermita-binidufa\/fr\/?s={search_term_string}"},"query-input":{"@type":"PropertyValueSpecification","valueRequired":true,"valueName":"search_term_string"}}],"inLanguage":"fr-FR"},{"@type":"Person","@id":"https:\/\/vestigecollection.com\/son-ermita-binidufa\/fr\/#\/schema\/person\/9aea2d88e1bad3cc08730e33d1a53712","name":"celia","image":{"@type":"ImageObject","inLanguage":"fr-FR","@id":"https:\/\/secure.gravatar.com\/avatar\/0603269103118debd1bbf1de700892df656c828016655bd7b4450bac777e5749?s=96&d=mm&r=g","url":"https:\/\/secure.gravatar.com\/avatar\/0603269103118debd1bbf1de700892df656c828016655bd7b4450bac777e5749?s=96&d=mm&r=g","contentUrl":"https:\/\/secure.gravatar.com\/avatar\/0603269103118debd1bbf1de700892df656c828016655bd7b4450bac777e5749?s=96&d=mm&r=g","caption":"celia"}}]}},"_links":{"self":[{"href":"https:\/\/vestigecollection.com\/son-ermita-binidufa\/fr\/wp-json\/wp\/v2\/posts\/1590","targetHints":{"allow":["GET"]}}],"collection":[{"href":"https:\/\/vestigecollection.com\/son-ermita-binidufa\/fr\/wp-json\/wp\/v2\/posts"}],"about":[{"href":"https:\/\/vestigecollection.com\/son-ermita-binidufa\/fr\/wp-json\/wp\/v2\/types\/post"}],"author":[{"embeddable":true,"href":"https:\/\/vestigecollection.com\/son-ermita-binidufa\/fr\/wp-json\/wp\/v2\/users\/12"}],"replies":[{"embeddable":true,"href":"https:\/\/vestigecollection.com\/son-ermita-binidufa\/fr\/wp-json\/wp\/v2\/comments?post=1590"}],"version-history":[{"count":3,"href":"https:\/\/vestigecollection.com\/son-ermita-binidufa\/fr\/wp-json\/wp\/v2\/posts\/1590\/revisions"}],"predecessor-version":[{"id":2099,"href":"https:\/\/vestigecollection.com\/son-ermita-binidufa\/fr\/wp-json\/wp\/v2\/posts\/1590\/revisions\/2099"}],"wp:featuredmedia":[{"embeddable":true,"href":"https:\/\/vestigecollection.com\/son-ermita-binidufa\/fr\/wp-json\/wp\/v2\/media\/2078"}],"wp:attachment":[{"href":"https:\/\/vestigecollection.com\/son-ermita-binidufa\/fr\/wp-json\/wp\/v2\/media?parent=1590"}],"wp:term":[{"taxonomy":"category","embeddable":true,"href":"https:\/\/vestigecollection.com\/son-ermita-binidufa\/fr\/wp-json\/wp\/v2\/categories?post=1590"},{"taxonomy":"post_tag","embeddable":true,"href":"https:\/\/vestigecollection.com\/son-ermita-binidufa\/fr\/wp-json\/wp\/v2\/tags?post=1590"}],"curies":[{"name":"wp","href":"https:\/\/api.w.org\/{rel}","templated":true}]}}