{"id":1274,"date":"2023-07-21T12:00:15","date_gmt":"2023-07-21T12:00:15","guid":{"rendered":"https:\/\/vestigecollection.sidnpre.com\/sonvell\/artisan-shoemaking-demonstration\/"},"modified":"2024-05-21T14:55:05","modified_gmt":"2024-05-21T14:55:05","slug":"location-de-bateaux","status":"publish","type":"post","link":"https:\/\/vestigecollection.com\/son-ermita-binidufa\/fr\/location-de-bateaux\/","title":{"rendered":"Location de bateaux"},"content":{"rendered":"<p><span style=\"font-weight: 400\">Laissez-nous louer un bateau pour vous afin de d\u00e9couvrir les plus beaux sites de la c\u00f4te de Minorque et profiter du soleil. Nous pouvons vous aider \u00e0 choisir le bateau ad\u00e9quat et vous sugg\u00e9rer un itin\u00e9raire en fonction de l\u2019exp\u00e9rience que vous recherchez, qu\u2019il s\u2019agisse de l\u2019observation des oiseaux ou de la faune marine, de la d\u00e9couverte des falaises impressionnantes ou des jolies baies de Minorque.<\/span><\/p>\n","protected":false},"excerpt":{"rendered":"<p>Laissez-nous louer un bateau pour vous afin de d\u00e9couvrir les plus beaux sites de la c\u00f4te de Minorque et profiter du soleil. Nous pouvons vous aider \u00e0 choisir le bateau ad\u00e9quat et vous sugg\u00e9rer un itin\u00e9raire en fonction de l\u2019exp\u00e9rience que vous recherchez, qu\u2019il s\u2019agisse de l\u2019observation des oiseaux ou de la faune marine, de [&hellip;]<\/p>\n","protected":false},"author":13,"featured_media":2486,"comment_status":"open","ping_status":"open","sticky":false,"template":"","format":"standard","meta":{"_acf_changed":false,"footnotes":""},"categories":[35],"tags":[],"class_list":["post-1274","post","type-post","status-publish","format-standard","has-post-thumbnail","hentry","category-eau"],"acf":[],"yoast_head":"<!-- This site is optimized with the Yoast SEO plugin v27.2 - https:\/\/yoast.com\/product\/yoast-seo-wordpress\/ -->\n<title>Location de bateaux - Son Ermit\u00e1 &amp; Biniduf\u00e1<\/title>\n<meta name=\"robots\" content=\"index, follow, max-snippet:-1, max-image-preview:large, max-video-preview:-1\" \/>\n<link rel=\"canonical\" href=\"https:\/\/vestigecollection.com\/son-ermita-binidufa\/fr\/location-de-bateaux\/\" \/>\n<meta property=\"og:locale\" content=\"fr_FR\" \/>\n<meta property=\"og:type\" content=\"article\" \/>\n<meta property=\"og:title\" content=\"Location de bateaux - Son Ermit\u00e1 &amp; Biniduf\u00e1\" \/>\n<meta property=\"og:description\" content=\"Laissez-nous louer un bateau pour vous afin de d\u00e9couvrir les plus beaux sites de la c\u00f4te de Minorque et profiter du soleil. Nous pouvons vous aider \u00e0 choisir le bateau ad\u00e9quat et vous sugg\u00e9rer un itin\u00e9raire en fonction de l\u2019exp\u00e9rience que vous recherchez, qu\u2019il s\u2019agisse de l\u2019observation des oiseaux ou de la faune marine, de [&hellip;]\" \/>\n<meta property=\"og:url\" content=\"https:\/\/vestigecollection.com\/son-ermita-binidufa\/fr\/location-de-bateaux\/\" \/>\n<meta property=\"og:site_name\" content=\"Son Ermit\u00e1 &amp; Biniduf\u00e1\" \/>\n<meta property=\"article:published_time\" content=\"2023-07-21T12:00:15+00:00\" \/>\n<meta property=\"article:modified_time\" content=\"2024-05-21T14:55:05+00:00\" \/>\n<meta property=\"og:image\" content=\"https:\/\/vestigecollection.com\/son-ermita-binidufa\/wp-content\/uploads\/sites\/6\/2023\/07\/boat-charters-Menorca.jpg\" \/>\n\t<meta property=\"og:image:width\" content=\"1340\" \/>\n\t<meta property=\"og:image:height\" content=\"893\" \/>\n\t<meta property=\"og:image:type\" content=\"image\/jpeg\" \/>\n<meta name=\"author\" content=\"virginia\" \/>\n<meta name=\"twitter:card\" content=\"summary_large_image\" \/>\n<meta name=\"twitter:label1\" content=\"\u00c9crit par\" \/>\n\t<meta name=\"twitter:data1\" content=\"virginia\" \/>\n\t<meta name=\"twitter:label2\" content=\"Dur\u00e9e de lecture estim\u00e9e\" \/>\n\t<meta name=\"twitter:data2\" content=\"1 minute\" \/>\n<script type=\"application\/ld+json\" class=\"yoast-schema-graph\">{\"@context\":\"https:\/\/schema.org\",\"@graph\":[{\"@type\":\"Article\",\"@id\":\"https:\/\/vestigecollection.com\/son-ermita-binidufa\/fr\/location-de-bateaux\/#article\",\"isPartOf\":{\"@id\":\"https:\/\/vestigecollection.com\/son-ermita-binidufa\/fr\/location-de-bateaux\/\"},\"author\":{\"name\":\"virginia\",\"@id\":\"https:\/\/vestigecollection.com\/son-ermita-binidufa\/fr\/#\/schema\/person\/906d418b06662a8fde0b42933cc4991d\"},\"headline\":\"Location de bateaux\",\"datePublished\":\"2023-07-21T12:00:15+00:00\",\"dateModified\":\"2024-05-21T14:55:05+00:00\",\"mainEntityOfPage\":{\"@id\":\"https:\/\/vestigecollection.com\/son-ermita-binidufa\/fr\/location-de-bateaux\/\"},\"wordCount\":79,\"commentCount\":0,\"image\":{\"@id\":\"https:\/\/vestigecollection.com\/son-ermita-binidufa\/fr\/location-de-bateaux\/#primaryimage\"},\"thumbnailUrl\":\"https:\/\/vestigecollection.com\/son-ermita-binidufa\/wp-content\/uploads\/sites\/6\/2023\/07\/boat-charters-Menorca.jpg\",\"articleSection\":[\"EAU\"],\"inLanguage\":\"fr-FR\",\"potentialAction\":[{\"@type\":\"CommentAction\",\"name\":\"Comment\",\"target\":[\"https:\/\/vestigecollection.com\/son-ermita-binidufa\/fr\/location-de-bateaux\/#respond\"]}]},{\"@type\":\"WebPage\",\"@id\":\"https:\/\/vestigecollection.com\/son-ermita-binidufa\/fr\/location-de-bateaux\/\",\"url\":\"https:\/\/vestigecollection.com\/son-ermita-binidufa\/fr\/location-de-bateaux\/\",\"name\":\"Location de bateaux - Son Ermit\u00e1 & Biniduf\u00e1\",\"isPartOf\":{\"@id\":\"https:\/\/vestigecollection.com\/son-ermita-binidufa\/fr\/#website\"},\"primaryImageOfPage\":{\"@id\":\"https:\/\/vestigecollection.com\/son-ermita-binidufa\/fr\/location-de-bateaux\/#primaryimage\"},\"image\":{\"@id\":\"https:\/\/vestigecollection.com\/son-ermita-binidufa\/fr\/location-de-bateaux\/#primaryimage\"},\"thumbnailUrl\":\"https:\/\/vestigecollection.com\/son-ermita-binidufa\/wp-content\/uploads\/sites\/6\/2023\/07\/boat-charters-Menorca.jpg\",\"datePublished\":\"2023-07-21T12:00:15+00:00\",\"dateModified\":\"2024-05-21T14:55:05+00:00\",\"author\":{\"@id\":\"https:\/\/vestigecollection.com\/son-ermita-binidufa\/fr\/#\/schema\/person\/906d418b06662a8fde0b42933cc4991d\"},\"breadcrumb\":{\"@id\":\"https:\/\/vestigecollection.com\/son-ermita-binidufa\/fr\/location-de-bateaux\/#breadcrumb\"},\"inLanguage\":\"fr-FR\",\"potentialAction\":[{\"@type\":\"ReadAction\",\"target\":[\"https:\/\/vestigecollection.com\/son-ermita-binidufa\/fr\/location-de-bateaux\/\"]}]},{\"@type\":\"ImageObject\",\"inLanguage\":\"fr-FR\",\"@id\":\"https:\/\/vestigecollection.com\/son-ermita-binidufa\/fr\/location-de-bateaux\/#primaryimage\",\"url\":\"https:\/\/vestigecollection.com\/son-ermita-binidufa\/wp-content\/uploads\/sites\/6\/2023\/07\/boat-charters-Menorca.jpg\",\"contentUrl\":\"https:\/\/vestigecollection.com\/son-ermita-binidufa\/wp-content\/uploads\/sites\/6\/2023\/07\/boat-charters-Menorca.jpg\",\"width\":1340,\"height\":893,\"caption\":\"boat charters Menorca\"},{\"@type\":\"BreadcrumbList\",\"@id\":\"https:\/\/vestigecollection.com\/son-ermita-binidufa\/fr\/location-de-bateaux\/#breadcrumb\",\"itemListElement\":[{\"@type\":\"ListItem\",\"position\":1,\"name\":\"Home\",\"item\":\"https:\/\/vestigecollection.com\/son-ermita-binidufa\/fr\/\"},{\"@type\":\"ListItem\",\"position\":2,\"name\":\"Location de bateaux\"}]},{\"@type\":\"WebSite\",\"@id\":\"https:\/\/vestigecollection.com\/son-ermita-binidufa\/fr\/#website\",\"url\":\"https:\/\/vestigecollection.com\/son-ermita-binidufa\/fr\/\",\"name\":\"Son Ermit\u00e1 & Biniduf\u00e1\",\"description\":\"Vestige Collection\",\"potentialAction\":[{\"@type\":\"SearchAction\",\"target\":{\"@type\":\"EntryPoint\",\"urlTemplate\":\"https:\/\/vestigecollection.com\/son-ermita-binidufa\/fr\/?s={search_term_string}\"},\"query-input\":{\"@type\":\"PropertyValueSpecification\",\"valueRequired\":true,\"valueName\":\"search_term_string\"}}],\"inLanguage\":\"fr-FR\"},{\"@type\":\"Person\",\"@id\":\"https:\/\/vestigecollection.com\/son-ermita-binidufa\/fr\/#\/schema\/person\/906d418b06662a8fde0b42933cc4991d\",\"name\":\"virginia\",\"image\":{\"@type\":\"ImageObject\",\"inLanguage\":\"fr-FR\",\"@id\":\"https:\/\/secure.gravatar.com\/avatar\/ac81c29c839e47e42244a9ba70b8164a343228c9f019fe3f89bacd243c86c8e8?s=96&d=mm&r=g\",\"url\":\"https:\/\/secure.gravatar.com\/avatar\/ac81c29c839e47e42244a9ba70b8164a343228c9f019fe3f89bacd243c86c8e8?s=96&d=mm&r=g\",\"contentUrl\":\"https:\/\/secure.gravatar.com\/avatar\/ac81c29c839e47e42244a9ba70b8164a343228c9f019fe3f89bacd243c86c8e8?s=96&d=mm&r=g\",\"caption\":\"virginia\"}}]}<\/script>\n<!-- \/ Yoast SEO plugin. -->","yoast_head_json":{"title":"Location de bateaux - Son Ermit\u00e1 & Biniduf\u00e1","robots":{"index":"index","follow":"follow","max-snippet":"max-snippet:-1","max-image-preview":"max-image-preview:large","max-video-preview":"max-video-preview:-1"},"canonical":"https:\/\/vestigecollection.com\/son-ermita-binidufa\/fr\/location-de-bateaux\/","og_locale":"fr_FR","og_type":"article","og_title":"Location de bateaux - Son Ermit\u00e1 & Biniduf\u00e1","og_description":"Laissez-nous louer un bateau pour vous afin de d\u00e9couvrir les plus beaux sites de la c\u00f4te de Minorque et profiter du soleil. Nous pouvons vous aider \u00e0 choisir le bateau ad\u00e9quat et vous sugg\u00e9rer un itin\u00e9raire en fonction de l\u2019exp\u00e9rience que vous recherchez, qu\u2019il s\u2019agisse de l\u2019observation des oiseaux ou de la faune marine, de [&hellip;]","og_url":"https:\/\/vestigecollection.com\/son-ermita-binidufa\/fr\/location-de-bateaux\/","og_site_name":"Son Ermit\u00e1 & Biniduf\u00e1","article_published_time":"2023-07-21T12:00:15+00:00","article_modified_time":"2024-05-21T14:55:05+00:00","og_image":[{"width":1340,"height":893,"url":"https:\/\/vestigecollection.com\/son-ermita-binidufa\/wp-content\/uploads\/sites\/6\/2023\/07\/boat-charters-Menorca.jpg","type":"image\/jpeg"}],"author":"virginia","twitter_card":"summary_large_image","twitter_misc":{"\u00c9crit par":"virginia","Dur\u00e9e de lecture estim\u00e9e":"1 minute"},"schema":{"@context":"https:\/\/schema.org","@graph":[{"@type":"Article","@id":"https:\/\/vestigecollection.com\/son-ermita-binidufa\/fr\/location-de-bateaux\/#article","isPartOf":{"@id":"https:\/\/vestigecollection.com\/son-ermita-binidufa\/fr\/location-de-bateaux\/"},"author":{"name":"virginia","@id":"https:\/\/vestigecollection.com\/son-ermita-binidufa\/fr\/#\/schema\/person\/906d418b06662a8fde0b42933cc4991d"},"headline":"Location de bateaux","datePublished":"2023-07-21T12:00:15+00:00","dateModified":"2024-05-21T14:55:05+00:00","mainEntityOfPage":{"@id":"https:\/\/vestigecollection.com\/son-ermita-binidufa\/fr\/location-de-bateaux\/"},"wordCount":79,"commentCount":0,"image":{"@id":"https:\/\/vestigecollection.com\/son-ermita-binidufa\/fr\/location-de-bateaux\/#primaryimage"},"thumbnailUrl":"https:\/\/vestigecollection.com\/son-ermita-binidufa\/wp-content\/uploads\/sites\/6\/2023\/07\/boat-charters-Menorca.jpg","articleSection":["EAU"],"inLanguage":"fr-FR","potentialAction":[{"@type":"CommentAction","name":"Comment","target":["https:\/\/vestigecollection.com\/son-ermita-binidufa\/fr\/location-de-bateaux\/#respond"]}]},{"@type":"WebPage","@id":"https:\/\/vestigecollection.com\/son-ermita-binidufa\/fr\/location-de-bateaux\/","url":"https:\/\/vestigecollection.com\/son-ermita-binidufa\/fr\/location-de-bateaux\/","name":"Location de bateaux - Son Ermit\u00e1 & Biniduf\u00e1","isPartOf":{"@id":"https:\/\/vestigecollection.com\/son-ermita-binidufa\/fr\/#website"},"primaryImageOfPage":{"@id":"https:\/\/vestigecollection.com\/son-ermita-binidufa\/fr\/location-de-bateaux\/#primaryimage"},"image":{"@id":"https:\/\/vestigecollection.com\/son-ermita-binidufa\/fr\/location-de-bateaux\/#primaryimage"},"thumbnailUrl":"https:\/\/vestigecollection.com\/son-ermita-binidufa\/wp-content\/uploads\/sites\/6\/2023\/07\/boat-charters-Menorca.jpg","datePublished":"2023-07-21T12:00:15+00:00","dateModified":"2024-05-21T14:55:05+00:00","author":{"@id":"https:\/\/vestigecollection.com\/son-ermita-binidufa\/fr\/#\/schema\/person\/906d418b06662a8fde0b42933cc4991d"},"breadcrumb":{"@id":"https:\/\/vestigecollection.com\/son-ermita-binidufa\/fr\/location-de-bateaux\/#breadcrumb"},"inLanguage":"fr-FR","potentialAction":[{"@type":"ReadAction","target":["https:\/\/vestigecollection.com\/son-ermita-binidufa\/fr\/location-de-bateaux\/"]}]},{"@type":"ImageObject","inLanguage":"fr-FR","@id":"https:\/\/vestigecollection.com\/son-ermita-binidufa\/fr\/location-de-bateaux\/#primaryimage","url":"https:\/\/vestigecollection.com\/son-ermita-binidufa\/wp-content\/uploads\/sites\/6\/2023\/07\/boat-charters-Menorca.jpg","contentUrl":"https:\/\/vestigecollection.com\/son-ermita-binidufa\/wp-content\/uploads\/sites\/6\/2023\/07\/boat-charters-Menorca.jpg","width":1340,"height":893,"caption":"boat charters Menorca"},{"@type":"BreadcrumbList","@id":"https:\/\/vestigecollection.com\/son-ermita-binidufa\/fr\/location-de-bateaux\/#breadcrumb","itemListElement":[{"@type":"ListItem","position":1,"name":"Home","item":"https:\/\/vestigecollection.com\/son-ermita-binidufa\/fr\/"},{"@type":"ListItem","position":2,"name":"Location de bateaux"}]},{"@type":"WebSite","@id":"https:\/\/vestigecollection.com\/son-ermita-binidufa\/fr\/#website","url":"https:\/\/vestigecollection.com\/son-ermita-binidufa\/fr\/","name":"Son Ermit\u00e1 & Biniduf\u00e1","description":"Vestige Collection","potentialAction":[{"@type":"SearchAction","target":{"@type":"EntryPoint","urlTemplate":"https:\/\/vestigecollection.com\/son-ermita-binidufa\/fr\/?s={search_term_string}"},"query-input":{"@type":"PropertyValueSpecification","valueRequired":true,"valueName":"search_term_string"}}],"inLanguage":"fr-FR"},{"@type":"Person","@id":"https:\/\/vestigecollection.com\/son-ermita-binidufa\/fr\/#\/schema\/person\/906d418b06662a8fde0b42933cc4991d","name":"virginia","image":{"@type":"ImageObject","inLanguage":"fr-FR","@id":"https:\/\/secure.gravatar.com\/avatar\/ac81c29c839e47e42244a9ba70b8164a343228c9f019fe3f89bacd243c86c8e8?s=96&d=mm&r=g","url":"https:\/\/secure.gravatar.com\/avatar\/ac81c29c839e47e42244a9ba70b8164a343228c9f019fe3f89bacd243c86c8e8?s=96&d=mm&r=g","contentUrl":"https:\/\/secure.gravatar.com\/avatar\/ac81c29c839e47e42244a9ba70b8164a343228c9f019fe3f89bacd243c86c8e8?s=96&d=mm&r=g","caption":"virginia"}}]}},"_links":{"self":[{"href":"https:\/\/vestigecollection.com\/son-ermita-binidufa\/fr\/wp-json\/wp\/v2\/posts\/1274","targetHints":{"allow":["GET"]}}],"collection":[{"href":"https:\/\/vestigecollection.com\/son-ermita-binidufa\/fr\/wp-json\/wp\/v2\/posts"}],"about":[{"href":"https:\/\/vestigecollection.com\/son-ermita-binidufa\/fr\/wp-json\/wp\/v2\/types\/post"}],"author":[{"embeddable":true,"href":"https:\/\/vestigecollection.com\/son-ermita-binidufa\/fr\/wp-json\/wp\/v2\/users\/13"}],"replies":[{"embeddable":true,"href":"https:\/\/vestigecollection.com\/son-ermita-binidufa\/fr\/wp-json\/wp\/v2\/comments?post=1274"}],"version-history":[{"count":3,"href":"https:\/\/vestigecollection.com\/son-ermita-binidufa\/fr\/wp-json\/wp\/v2\/posts\/1274\/revisions"}],"predecessor-version":[{"id":2096,"href":"https:\/\/vestigecollection.com\/son-ermita-binidufa\/fr\/wp-json\/wp\/v2\/posts\/1274\/revisions\/2096"}],"wp:featuredmedia":[{"embeddable":true,"href":"https:\/\/vestigecollection.com\/son-ermita-binidufa\/fr\/wp-json\/wp\/v2\/media\/2486"}],"wp:attachment":[{"href":"https:\/\/vestigecollection.com\/son-ermita-binidufa\/fr\/wp-json\/wp\/v2\/media?parent=1274"}],"wp:term":[{"taxonomy":"category","embeddable":true,"href":"https:\/\/vestigecollection.com\/son-ermita-binidufa\/fr\/wp-json\/wp\/v2\/categories?post=1274"},{"taxonomy":"post_tag","embeddable":true,"href":"https:\/\/vestigecollection.com\/son-ermita-binidufa\/fr\/wp-json\/wp\/v2\/tags?post=1274"}],"curies":[{"name":"wp","href":"https:\/\/api.w.org\/{rel}","templated":true}]}}