{"id":1123,"date":"2023-07-21T11:58:39","date_gmt":"2023-07-21T11:58:39","guid":{"rendered":"https:\/\/vestigecollection.sidnpre.com\/sonvell\/yogalates\/"},"modified":"2024-05-21T13:24:32","modified_gmt":"2024-05-21T13:24:32","slug":"yogalates","status":"publish","type":"post","link":"https:\/\/vestigecollection.com\/son-ermita-binidufa\/es\/yogalates\/","title":{"rendered":"Yoga matutino"},"content":{"rendered":"<p><span style=\"font-weight: 400\">Salude al sol todas las ma\u00f1anas con nuestras clases diarias de yoga en la terraza, ideales para empezar el d\u00eda con bienestar. Nuestras clases siguen la pr\u00e1ctica del <\/span><i><span style=\"font-weight: 400\">hatha yoga<\/span><\/i><span style=\"font-weight: 400\">, en la que los asanas (posturas) y la respiraci\u00f3n se conectan para crear una armon\u00eda entre el cuerpo y la mente.<\/span><\/p>\n","protected":false},"excerpt":{"rendered":"<p>Salude al sol todas las ma\u00f1anas con nuestras clases diarias de yoga en la terraza, ideales para empezar el d\u00eda con bienestar. Nuestras clases siguen la pr\u00e1ctica del hatha yoga, en la que los asanas (posturas) y la respiraci\u00f3n se conectan para crear una armon\u00eda entre el cuerpo y la mente.<\/p>\n","protected":false},"author":13,"featured_media":641,"comment_status":"open","ping_status":"open","sticky":false,"template":"","format":"standard","meta":{"_acf_changed":false,"footnotes":""},"categories":[31],"tags":[],"class_list":["post-1123","post","type-post","status-publish","format-standard","has-post-thumbnail","hentry","category-tierra"],"acf":[],"yoast_head":"<!-- This site is optimized with the Yoast SEO plugin v27.2 - https:\/\/yoast.com\/product\/yoast-seo-wordpress\/ -->\n<title>Yoga matutino - Son Ermit\u00e1 &amp; Biniduf\u00e1<\/title>\n<meta name=\"robots\" content=\"index, follow, max-snippet:-1, max-image-preview:large, max-video-preview:-1\" \/>\n<link rel=\"canonical\" href=\"https:\/\/vestigecollection.com\/son-ermita-binidufa\/es\/yogalates\/\" \/>\n<meta property=\"og:locale\" content=\"es_ES\" \/>\n<meta property=\"og:type\" content=\"article\" \/>\n<meta property=\"og:title\" content=\"Yoga matutino - Son Ermit\u00e1 &amp; Biniduf\u00e1\" \/>\n<meta property=\"og:description\" content=\"Salude al sol todas las ma\u00f1anas con nuestras clases diarias de yoga en la terraza, ideales para empezar el d\u00eda con bienestar. Nuestras clases siguen la pr\u00e1ctica del hatha yoga, en la que los asanas (posturas) y la respiraci\u00f3n se conectan para crear una armon\u00eda entre el cuerpo y la mente.\" \/>\n<meta property=\"og:url\" content=\"https:\/\/vestigecollection.com\/son-ermita-binidufa\/es\/yogalates\/\" \/>\n<meta property=\"og:site_name\" content=\"Son Ermit\u00e1 &amp; Biniduf\u00e1\" \/>\n<meta property=\"article:published_time\" content=\"2023-07-21T11:58:39+00:00\" \/>\n<meta property=\"article:modified_time\" content=\"2024-05-21T13:24:32+00:00\" \/>\n<meta property=\"og:image\" content=\"https:\/\/vestigecollection.com\/son-ermita-binidufa\/wp-content\/uploads\/sites\/6\/2023\/07\/experiencias-yogalates-son-vell.jpg\" \/>\n\t<meta property=\"og:image:width\" content=\"1600\" \/>\n\t<meta property=\"og:image:height\" content=\"1066\" \/>\n\t<meta property=\"og:image:type\" content=\"image\/jpeg\" \/>\n<meta name=\"author\" content=\"virginia\" \/>\n<meta name=\"twitter:card\" content=\"summary_large_image\" \/>\n<meta name=\"twitter:label1\" content=\"Escrito por\" \/>\n\t<meta name=\"twitter:data1\" content=\"virginia\" \/>\n\t<meta name=\"twitter:label2\" content=\"Tiempo de lectura\" \/>\n\t<meta name=\"twitter:data2\" content=\"1 minuto\" \/>\n<script type=\"application\/ld+json\" class=\"yoast-schema-graph\">{\"@context\":\"https:\/\/schema.org\",\"@graph\":[{\"@type\":\"Article\",\"@id\":\"https:\/\/vestigecollection.com\/son-ermita-binidufa\/es\/yogalates\/#article\",\"isPartOf\":{\"@id\":\"https:\/\/vestigecollection.com\/son-ermita-binidufa\/es\/yogalates\/\"},\"author\":{\"name\":\"virginia\",\"@id\":\"https:\/\/vestigecollection.com\/son-ermita-binidufa\/es\/#\/schema\/person\/906d418b06662a8fde0b42933cc4991d\"},\"headline\":\"Yoga matutino\",\"datePublished\":\"2023-07-21T11:58:39+00:00\",\"dateModified\":\"2024-05-21T13:24:32+00:00\",\"mainEntityOfPage\":{\"@id\":\"https:\/\/vestigecollection.com\/son-ermita-binidufa\/es\/yogalates\/\"},\"wordCount\":58,\"commentCount\":0,\"image\":{\"@id\":\"https:\/\/vestigecollection.com\/son-ermita-binidufa\/es\/yogalates\/#primaryimage\"},\"thumbnailUrl\":\"https:\/\/vestigecollection.com\/son-ermita-binidufa\/wp-content\/uploads\/sites\/6\/2023\/07\/experiencias-yogalates-son-vell.jpg\",\"articleSection\":[\"TIERRA\"],\"inLanguage\":\"es\",\"potentialAction\":[{\"@type\":\"CommentAction\",\"name\":\"Comment\",\"target\":[\"https:\/\/vestigecollection.com\/son-ermita-binidufa\/es\/yogalates\/#respond\"]}]},{\"@type\":\"WebPage\",\"@id\":\"https:\/\/vestigecollection.com\/son-ermita-binidufa\/es\/yogalates\/\",\"url\":\"https:\/\/vestigecollection.com\/son-ermita-binidufa\/es\/yogalates\/\",\"name\":\"Yoga matutino - Son Ermit\u00e1 & Biniduf\u00e1\",\"isPartOf\":{\"@id\":\"https:\/\/vestigecollection.com\/son-ermita-binidufa\/es\/#website\"},\"primaryImageOfPage\":{\"@id\":\"https:\/\/vestigecollection.com\/son-ermita-binidufa\/es\/yogalates\/#primaryimage\"},\"image\":{\"@id\":\"https:\/\/vestigecollection.com\/son-ermita-binidufa\/es\/yogalates\/#primaryimage\"},\"thumbnailUrl\":\"https:\/\/vestigecollection.com\/son-ermita-binidufa\/wp-content\/uploads\/sites\/6\/2023\/07\/experiencias-yogalates-son-vell.jpg\",\"datePublished\":\"2023-07-21T11:58:39+00:00\",\"dateModified\":\"2024-05-21T13:24:32+00:00\",\"author\":{\"@id\":\"https:\/\/vestigecollection.com\/son-ermita-binidufa\/es\/#\/schema\/person\/906d418b06662a8fde0b42933cc4991d\"},\"breadcrumb\":{\"@id\":\"https:\/\/vestigecollection.com\/son-ermita-binidufa\/es\/yogalates\/#breadcrumb\"},\"inLanguage\":\"es\",\"potentialAction\":[{\"@type\":\"ReadAction\",\"target\":[\"https:\/\/vestigecollection.com\/son-ermita-binidufa\/es\/yogalates\/\"]}]},{\"@type\":\"ImageObject\",\"inLanguage\":\"es\",\"@id\":\"https:\/\/vestigecollection.com\/son-ermita-binidufa\/es\/yogalates\/#primaryimage\",\"url\":\"https:\/\/vestigecollection.com\/son-ermita-binidufa\/wp-content\/uploads\/sites\/6\/2023\/07\/experiencias-yogalates-son-vell.jpg\",\"contentUrl\":\"https:\/\/vestigecollection.com\/son-ermita-binidufa\/wp-content\/uploads\/sites\/6\/2023\/07\/experiencias-yogalates-son-vell.jpg\",\"width\":1600,\"height\":1066,\"caption\":\"experiencias yogalates son vell\"},{\"@type\":\"BreadcrumbList\",\"@id\":\"https:\/\/vestigecollection.com\/son-ermita-binidufa\/es\/yogalates\/#breadcrumb\",\"itemListElement\":[{\"@type\":\"ListItem\",\"position\":1,\"name\":\"Home\",\"item\":\"https:\/\/vestigecollection.com\/son-ermita-binidufa\/es\/\"},{\"@type\":\"ListItem\",\"position\":2,\"name\":\"Yoga matutino\"}]},{\"@type\":\"WebSite\",\"@id\":\"https:\/\/vestigecollection.com\/son-ermita-binidufa\/es\/#website\",\"url\":\"https:\/\/vestigecollection.com\/son-ermita-binidufa\/es\/\",\"name\":\"Son Ermit\u00e1 & Biniduf\u00e1\",\"description\":\"Vestige Collection\",\"potentialAction\":[{\"@type\":\"SearchAction\",\"target\":{\"@type\":\"EntryPoint\",\"urlTemplate\":\"https:\/\/vestigecollection.com\/son-ermita-binidufa\/es\/?s={search_term_string}\"},\"query-input\":{\"@type\":\"PropertyValueSpecification\",\"valueRequired\":true,\"valueName\":\"search_term_string\"}}],\"inLanguage\":\"es\"},{\"@type\":\"Person\",\"@id\":\"https:\/\/vestigecollection.com\/son-ermita-binidufa\/es\/#\/schema\/person\/906d418b06662a8fde0b42933cc4991d\",\"name\":\"virginia\",\"image\":{\"@type\":\"ImageObject\",\"inLanguage\":\"es\",\"@id\":\"https:\/\/secure.gravatar.com\/avatar\/ac81c29c839e47e42244a9ba70b8164a343228c9f019fe3f89bacd243c86c8e8?s=96&d=mm&r=g\",\"url\":\"https:\/\/secure.gravatar.com\/avatar\/ac81c29c839e47e42244a9ba70b8164a343228c9f019fe3f89bacd243c86c8e8?s=96&d=mm&r=g\",\"contentUrl\":\"https:\/\/secure.gravatar.com\/avatar\/ac81c29c839e47e42244a9ba70b8164a343228c9f019fe3f89bacd243c86c8e8?s=96&d=mm&r=g\",\"caption\":\"virginia\"}}]}<\/script>\n<!-- \/ Yoast SEO plugin. -->","yoast_head_json":{"title":"Yoga matutino - Son Ermit\u00e1 & Biniduf\u00e1","robots":{"index":"index","follow":"follow","max-snippet":"max-snippet:-1","max-image-preview":"max-image-preview:large","max-video-preview":"max-video-preview:-1"},"canonical":"https:\/\/vestigecollection.com\/son-ermita-binidufa\/es\/yogalates\/","og_locale":"es_ES","og_type":"article","og_title":"Yoga matutino - Son Ermit\u00e1 & Biniduf\u00e1","og_description":"Salude al sol todas las ma\u00f1anas con nuestras clases diarias de yoga en la terraza, ideales para empezar el d\u00eda con bienestar. Nuestras clases siguen la pr\u00e1ctica del hatha yoga, en la que los asanas (posturas) y la respiraci\u00f3n se conectan para crear una armon\u00eda entre el cuerpo y la mente.","og_url":"https:\/\/vestigecollection.com\/son-ermita-binidufa\/es\/yogalates\/","og_site_name":"Son Ermit\u00e1 & Biniduf\u00e1","article_published_time":"2023-07-21T11:58:39+00:00","article_modified_time":"2024-05-21T13:24:32+00:00","og_image":[{"width":1600,"height":1066,"url":"https:\/\/vestigecollection.com\/son-ermita-binidufa\/wp-content\/uploads\/sites\/6\/2023\/07\/experiencias-yogalates-son-vell.jpg","type":"image\/jpeg"}],"author":"virginia","twitter_card":"summary_large_image","twitter_misc":{"Escrito por":"virginia","Tiempo de lectura":"1 minuto"},"schema":{"@context":"https:\/\/schema.org","@graph":[{"@type":"Article","@id":"https:\/\/vestigecollection.com\/son-ermita-binidufa\/es\/yogalates\/#article","isPartOf":{"@id":"https:\/\/vestigecollection.com\/son-ermita-binidufa\/es\/yogalates\/"},"author":{"name":"virginia","@id":"https:\/\/vestigecollection.com\/son-ermita-binidufa\/es\/#\/schema\/person\/906d418b06662a8fde0b42933cc4991d"},"headline":"Yoga matutino","datePublished":"2023-07-21T11:58:39+00:00","dateModified":"2024-05-21T13:24:32+00:00","mainEntityOfPage":{"@id":"https:\/\/vestigecollection.com\/son-ermita-binidufa\/es\/yogalates\/"},"wordCount":58,"commentCount":0,"image":{"@id":"https:\/\/vestigecollection.com\/son-ermita-binidufa\/es\/yogalates\/#primaryimage"},"thumbnailUrl":"https:\/\/vestigecollection.com\/son-ermita-binidufa\/wp-content\/uploads\/sites\/6\/2023\/07\/experiencias-yogalates-son-vell.jpg","articleSection":["TIERRA"],"inLanguage":"es","potentialAction":[{"@type":"CommentAction","name":"Comment","target":["https:\/\/vestigecollection.com\/son-ermita-binidufa\/es\/yogalates\/#respond"]}]},{"@type":"WebPage","@id":"https:\/\/vestigecollection.com\/son-ermita-binidufa\/es\/yogalates\/","url":"https:\/\/vestigecollection.com\/son-ermita-binidufa\/es\/yogalates\/","name":"Yoga matutino - Son Ermit\u00e1 & Biniduf\u00e1","isPartOf":{"@id":"https:\/\/vestigecollection.com\/son-ermita-binidufa\/es\/#website"},"primaryImageOfPage":{"@id":"https:\/\/vestigecollection.com\/son-ermita-binidufa\/es\/yogalates\/#primaryimage"},"image":{"@id":"https:\/\/vestigecollection.com\/son-ermita-binidufa\/es\/yogalates\/#primaryimage"},"thumbnailUrl":"https:\/\/vestigecollection.com\/son-ermita-binidufa\/wp-content\/uploads\/sites\/6\/2023\/07\/experiencias-yogalates-son-vell.jpg","datePublished":"2023-07-21T11:58:39+00:00","dateModified":"2024-05-21T13:24:32+00:00","author":{"@id":"https:\/\/vestigecollection.com\/son-ermita-binidufa\/es\/#\/schema\/person\/906d418b06662a8fde0b42933cc4991d"},"breadcrumb":{"@id":"https:\/\/vestigecollection.com\/son-ermita-binidufa\/es\/yogalates\/#breadcrumb"},"inLanguage":"es","potentialAction":[{"@type":"ReadAction","target":["https:\/\/vestigecollection.com\/son-ermita-binidufa\/es\/yogalates\/"]}]},{"@type":"ImageObject","inLanguage":"es","@id":"https:\/\/vestigecollection.com\/son-ermita-binidufa\/es\/yogalates\/#primaryimage","url":"https:\/\/vestigecollection.com\/son-ermita-binidufa\/wp-content\/uploads\/sites\/6\/2023\/07\/experiencias-yogalates-son-vell.jpg","contentUrl":"https:\/\/vestigecollection.com\/son-ermita-binidufa\/wp-content\/uploads\/sites\/6\/2023\/07\/experiencias-yogalates-son-vell.jpg","width":1600,"height":1066,"caption":"experiencias yogalates son vell"},{"@type":"BreadcrumbList","@id":"https:\/\/vestigecollection.com\/son-ermita-binidufa\/es\/yogalates\/#breadcrumb","itemListElement":[{"@type":"ListItem","position":1,"name":"Home","item":"https:\/\/vestigecollection.com\/son-ermita-binidufa\/es\/"},{"@type":"ListItem","position":2,"name":"Yoga matutino"}]},{"@type":"WebSite","@id":"https:\/\/vestigecollection.com\/son-ermita-binidufa\/es\/#website","url":"https:\/\/vestigecollection.com\/son-ermita-binidufa\/es\/","name":"Son Ermit\u00e1 & Biniduf\u00e1","description":"Vestige Collection","potentialAction":[{"@type":"SearchAction","target":{"@type":"EntryPoint","urlTemplate":"https:\/\/vestigecollection.com\/son-ermita-binidufa\/es\/?s={search_term_string}"},"query-input":{"@type":"PropertyValueSpecification","valueRequired":true,"valueName":"search_term_string"}}],"inLanguage":"es"},{"@type":"Person","@id":"https:\/\/vestigecollection.com\/son-ermita-binidufa\/es\/#\/schema\/person\/906d418b06662a8fde0b42933cc4991d","name":"virginia","image":{"@type":"ImageObject","inLanguage":"es","@id":"https:\/\/secure.gravatar.com\/avatar\/ac81c29c839e47e42244a9ba70b8164a343228c9f019fe3f89bacd243c86c8e8?s=96&d=mm&r=g","url":"https:\/\/secure.gravatar.com\/avatar\/ac81c29c839e47e42244a9ba70b8164a343228c9f019fe3f89bacd243c86c8e8?s=96&d=mm&r=g","contentUrl":"https:\/\/secure.gravatar.com\/avatar\/ac81c29c839e47e42244a9ba70b8164a343228c9f019fe3f89bacd243c86c8e8?s=96&d=mm&r=g","caption":"virginia"}}]}},"_links":{"self":[{"href":"https:\/\/vestigecollection.com\/son-ermita-binidufa\/es\/wp-json\/wp\/v2\/posts\/1123","targetHints":{"allow":["GET"]}}],"collection":[{"href":"https:\/\/vestigecollection.com\/son-ermita-binidufa\/es\/wp-json\/wp\/v2\/posts"}],"about":[{"href":"https:\/\/vestigecollection.com\/son-ermita-binidufa\/es\/wp-json\/wp\/v2\/types\/post"}],"author":[{"embeddable":true,"href":"https:\/\/vestigecollection.com\/son-ermita-binidufa\/es\/wp-json\/wp\/v2\/users\/13"}],"replies":[{"embeddable":true,"href":"https:\/\/vestigecollection.com\/son-ermita-binidufa\/es\/wp-json\/wp\/v2\/comments?post=1123"}],"version-history":[{"count":3,"href":"https:\/\/vestigecollection.com\/son-ermita-binidufa\/es\/wp-json\/wp\/v2\/posts\/1123\/revisions"}],"predecessor-version":[{"id":2057,"href":"https:\/\/vestigecollection.com\/son-ermita-binidufa\/es\/wp-json\/wp\/v2\/posts\/1123\/revisions\/2057"}],"wp:featuredmedia":[{"embeddable":true,"href":"https:\/\/vestigecollection.com\/son-ermita-binidufa\/es\/wp-json\/wp\/v2\/media\/641"}],"wp:attachment":[{"href":"https:\/\/vestigecollection.com\/son-ermita-binidufa\/es\/wp-json\/wp\/v2\/media?parent=1123"}],"wp:term":[{"taxonomy":"category","embeddable":true,"href":"https:\/\/vestigecollection.com\/son-ermita-binidufa\/es\/wp-json\/wp\/v2\/categories?post=1123"},{"taxonomy":"post_tag","embeddable":true,"href":"https:\/\/vestigecollection.com\/son-ermita-binidufa\/es\/wp-json\/wp\/v2\/tags?post=1123"}],"curies":[{"name":"wp","href":"https:\/\/api.w.org\/{rel}","templated":true}]}}