{"id":1580,"date":"2023-11-07T16:22:20","date_gmt":"2023-11-07T16:22:20","guid":{"rendered":"http:\/\/vestigecollection.com\/?p=1580"},"modified":"2023-11-07T16:22:33","modified_gmt":"2023-11-07T16:22:33","slug":"la-vie-est-une-fete-et-tout-le-monde-est-invite","status":"publish","type":"post","link":"https:\/\/vestigecollection.com\/fr\/la-vie-est-une-fete-et-tout-le-monde-est-invite\/","title":{"rendered":"LA VIE EST UNE F\u00caTE, ET TOUT LE MONDE EST INVIT\u00c9"},"content":{"rendered":"<p>Les traditionnelles f\u00eates de fin d\u2019ann\u00e9e en Espagne m\u00ealent c\u00e9l\u00e9brations religieuses et la\u00efques, impr\u00e9gn\u00e9es d\u2019histoire et de culture. Elles sont c\u00e9l\u00e9br\u00e9es avec joie dans tout le pays de la mi-d\u00e9cembre \u00e0 l\u2019\u00c9piphanie, d\u00e9but janvier.<\/p>\n<p>Si nombre de traditions sont communes \u00e0 l\u2019ensemble du pays, chaque r\u00e9gion poss\u00e8de ses propres coutumes, qu\u2019il s\u2019agisse d\u2019envelopper dans une couverture une b\u00fbche que les enfants frappent avec un b\u00e2ton et jettent dans le feu, en Catalogne, ou de lancer de la farine (f\u00eate d\u2019els enfarinats d\u2019Ibi, remontant aux saturnales romaines), dans la r\u00e9gion de Valence.<\/p>\n<p>Vous trouverez partout l\u2019incontournable cr\u00e8che ou \u00ab\u00a0bel\u00e9n de Navidad\u00a0\u00bb. Cette importante tradition familiale, tr\u00e8s appr\u00e9ci\u00e9e, se traduit par des expositions toujours plus cr\u00e9atives, dont les dimensions et l\u2019ampleur augmentent chaque ann\u00e9e. Les commerces cr\u00e9ent d\u2019impressionnantes vitrines sur le th\u00e8me de la cr\u00e8che, tandis que les mairies et les \u00e9glises exposent de grandes et belles cr\u00e8ches que toute la communaut\u00e9 peut admirer.<\/p>\n<p>&nbsp;<\/p>\n<p><img loading=\"lazy\" decoding=\"async\" class=\"alignnone wp-image-1548\" title=\"Christmas fair with colorful christmas tree and carousel\" src=\"https:\/\/vestigecollection.com\/wp-content\/uploads\/2023\/11\/iStock-898378236-1-300x200.jpg\" alt=\"Christmas fair with colorful christmas tree and carousel \" width=\"1091\" height=\"727\" srcset=\"https:\/\/vestigecollection.com\/wp-content\/uploads\/2023\/11\/iStock-898378236-1-300x200.jpg 300w, https:\/\/vestigecollection.com\/wp-content\/uploads\/2023\/11\/iStock-898378236-1-1024x683.jpg 1024w, https:\/\/vestigecollection.com\/wp-content\/uploads\/2023\/11\/iStock-898378236-1-768x512.jpg 768w, https:\/\/vestigecollection.com\/wp-content\/uploads\/2023\/11\/iStock-898378236-1-600x400.jpg 600w, https:\/\/vestigecollection.com\/wp-content\/uploads\/2023\/11\/iStock-898378236-1-1200x800.jpg 1200w, https:\/\/vestigecollection.com\/wp-content\/uploads\/2023\/11\/iStock-898378236-1.jpg 1254w\" sizes=\"auto, (max-width: 1091px) 100vw, 1091px\" \/><\/p>\n<h2><\/h2>\n<p>&nbsp;<\/p>\n<h2><b>LES TRADITIONNELLES F\u00caTES DE FIN D&rsquo;ANN\u00c9E SUR L&rsquo;\u00ceLE DE MINORQUE<\/b><\/h2>\n<p>&nbsp;<\/p>\n<p>\u00c0 Minorque, les f\u00eates de fin d\u2019ann\u00e9e s\u2019accompagnent souvent d\u2019un ciel bleu et d\u2019un soleil \u00e9clatant, propices aux pique-niques sur la plage et aux promenades sur le Cam\u00ed de Cavalls.<\/p>\n<p>Durant tout le mois de d\u00e9cembre, une d\u00e9licieuse ambiance festive r\u00e8gne avec des guirlandes lumineuses et scintillantes, des cr\u00e8ches spectaculaires, des march\u00e9s de No\u00ebl anim\u00e9s, d\u00e9bordants de produits de saison et d\u2019artisanat traditionnel, ainsi que des chorales chantant dans les \u00e9glises et dans les rues. L\u2019\u00c9piphanie, le 6 janvier, est le point culminant des f\u00eates.<\/p>\n<p>Le 5 janvier est ponctu\u00e9 de d\u00e9fil\u00e9s anim\u00e9s, \u00e0 Ciutadella et Port Mahon, au cours desquels les Rois mages distribuent des bonbons aux spectateurs. Les rois peuvent arriver en bateau ou \u00e0 cheval, avant de parcourir les rues, accompagn\u00e9s de chars color\u00e9s, tandis que la foule les acclame et que les enfants sont excit\u00e9s par la pluie de bonbons qu\u2019ils tentent d\u2019attraper.<\/p>\n<p>Le lendemain, les cadeaux sont \u00e9chang\u00e9s et les familles se r\u00e9unissent autour d\u2019un repas gourmand.<\/p>\n<p>&nbsp;<\/p>\n<p><img loading=\"lazy\" decoding=\"async\" class=\"alignnone wp-image-1554\" title=\"iStock 1188626756 1600X1066\" src=\"https:\/\/vestigecollection.com\/wp-content\/uploads\/2023\/11\/iStock-1188626756_1600X1066-300x200.jpg\" alt=\"iStock 1188626756 1600X1066\" width=\"1091\" height=\"727\" srcset=\"https:\/\/vestigecollection.com\/wp-content\/uploads\/2023\/11\/iStock-1188626756_1600X1066-300x200.jpg 300w, https:\/\/vestigecollection.com\/wp-content\/uploads\/2023\/11\/iStock-1188626756_1600X1066-1024x682.jpg 1024w, https:\/\/vestigecollection.com\/wp-content\/uploads\/2023\/11\/iStock-1188626756_1600X1066-768x512.jpg 768w, https:\/\/vestigecollection.com\/wp-content\/uploads\/2023\/11\/iStock-1188626756_1600X1066-1536x1023.jpg 1536w, https:\/\/vestigecollection.com\/wp-content\/uploads\/2023\/11\/iStock-1188626756_1600X1066-600x400.jpg 600w, https:\/\/vestigecollection.com\/wp-content\/uploads\/2023\/11\/iStock-1188626756_1600X1066-1200x800.jpg 1200w, https:\/\/vestigecollection.com\/wp-content\/uploads\/2023\/11\/iStock-1188626756_1600X1066.jpg 1600w\" sizes=\"auto, (max-width: 1091px) 100vw, 1091px\" \/><\/p>\n<h2><\/h2>\n<p>&nbsp;<\/p>\n<h2><b>F\u00c9ERIE HIVERNALE DANS LES ASTURIES<\/b><\/h2>\n<p>&nbsp;<\/p>\n<p>Avec l\u2019arriv\u00e9e de l\u2019automne et de l\u2019hiver, les paysages asturiens rev\u00eatent un charme particulier. Les vall\u00e9es et les collines des pics d\u2019Europe sont saupoudr\u00e9es de blanc, tandis que les charmants villages et villes, sous un ciel souvent d\u2019un bleu \u00e9clatant, semblent comme suspendus au-dessus des vall\u00e9es ou perch\u00e9s \u00e0 flanc de colline.<\/p>\n<p>Comme partout ailleurs en Espagne, No\u00ebl est consid\u00e9r\u00e9 comme l\u2019occasion de passer du temps en famille ou entre amis, d\u2019\u00e9changer des cadeaux et de partager de copieux et d\u00e9licieux repas. On raconte que \u00ab\u00a0L\u2019Anguileru\u00a0\u00bb est un p\u00eacheur qui arrive de la mer la veille de No\u00ebl, apportant des cadeaux aux enfants.<\/p>\n<p>Dans toute la r\u00e9gion, vous trouverez des f\u00eates pleines de joie, des march\u00e9s anim\u00e9s, des patinoires en plein air, ainsi qu\u2019une cr\u00e8che impressionnante dans les jardins botaniques de Gij\u00f3n. Vous pourrez m\u00eame vous baigner dans la mer glac\u00e9e le jour de No\u00ebl (si vous osez\u00a0!) et assister \u00e0 de nombreux d\u00e9fil\u00e9s des Rois mages pleins d\u2019entrain, le 5 janvier.<\/p>\n<p>Lors du Nouvel An espagnol, il est de coutume de manger un grain de raisin \u00e0 chaque coup de minuit. Chaque grain de raisin repr\u00e9sente un mois de l\u2019ann\u00e9e \u00e0 venir\u00a0; r\u00e9ussir \u00e0 avaler tous les grains \u00e0 temps (c\u2019est plus difficile qu\u2019il n\u2019y para\u00eet\u00a0!) est cens\u00e9 porter bonheur.<\/p>\n<p>&nbsp;<\/p>\n<p><img loading=\"lazy\" decoding=\"async\" class=\"alignnone wp-image-1561\" title=\"mountains snow\" src=\"https:\/\/vestigecollection.com\/wp-content\/uploads\/2023\/11\/11062b_b2eb6890b9d64ed4bf82758145d85bb6mv2-2_1600x1066-300x200.jpg\" alt=\"mountains snow\" width=\"1091\" height=\"727\" srcset=\"https:\/\/vestigecollection.com\/wp-content\/uploads\/2023\/11\/11062b_b2eb6890b9d64ed4bf82758145d85bb6mv2-2_1600x1066-300x200.jpg 300w, https:\/\/vestigecollection.com\/wp-content\/uploads\/2023\/11\/11062b_b2eb6890b9d64ed4bf82758145d85bb6mv2-2_1600x1066-1024x682.jpg 1024w, https:\/\/vestigecollection.com\/wp-content\/uploads\/2023\/11\/11062b_b2eb6890b9d64ed4bf82758145d85bb6mv2-2_1600x1066-768x512.jpg 768w, https:\/\/vestigecollection.com\/wp-content\/uploads\/2023\/11\/11062b_b2eb6890b9d64ed4bf82758145d85bb6mv2-2_1600x1066-1536x1023.jpg 1536w, https:\/\/vestigecollection.com\/wp-content\/uploads\/2023\/11\/11062b_b2eb6890b9d64ed4bf82758145d85bb6mv2-2_1600x1066-600x400.jpg 600w, https:\/\/vestigecollection.com\/wp-content\/uploads\/2023\/11\/11062b_b2eb6890b9d64ed4bf82758145d85bb6mv2-2_1600x1066-1200x800.jpg 1200w, https:\/\/vestigecollection.com\/wp-content\/uploads\/2023\/11\/11062b_b2eb6890b9d64ed4bf82758145d85bb6mv2-2_1600x1066.jpg 1600w\" sizes=\"auto, (max-width: 1091px) 100vw, 1091px\" \/><\/p>\n<h2><\/h2>\n<p>&nbsp;<\/p>\n<h2>VOUS AVEZ ENVIE DE PARTICIPER \u00c0 LA F\u00caTE?<\/h2>\n<p>&nbsp;<\/p>\n<p>Si vous r\u00e9servez un s\u00e9jour d\u2019hiver avec Vestige, nous pouvons mettre \u00e0 votre disposition des d\u00e9corations de No\u00ebl \u00e9l\u00e9gantes et des sapins illumin\u00e9s, des cuisiniers aguerris pour pr\u00e9parer des festins, ou encore organiser une visite du p\u00e8re No\u00ebl, et tout ce que vous souhaitez pour que votre escapade soit aussi conviviale et d\u00e9tendue que possible. Si votre r\u00eave est de ne pas lever le petit doigt pendant vos vacances, nous vous aiderons \u00e0 le r\u00e9aliser.<\/p>\n<p>Quelle que soit la mani\u00e8re dont vous c\u00e9l\u00e9brez les f\u00eates de fin d\u2019ann\u00e9e, passer No\u00ebl en Espagne dans l\u2019un de nos domaines priv\u00e9s Vestige vous garantit, \u00e0 vous et \u00e0 votre famille, de pr\u00e9cieux souvenirs inoubliables.<\/p>\n<p>&nbsp;<\/p>\n<p><img loading=\"lazy\" decoding=\"async\" class=\"alignnone wp-image-1564\" title=\"Christmas Vestige Collection\" src=\"https:\/\/vestigecollection.com\/wp-content\/uploads\/2023\/11\/1600x1066annie-spratt-qRdZIV_DJ-c-unsplash.jpg\" alt=\"Christmas Vestige Collection\" width=\"1091\" height=\"727\" srcset=\"https:\/\/vestigecollection.com\/wp-content\/uploads\/2023\/11\/1600x1066annie-spratt-qRdZIV_DJ-c-unsplash.jpg 1600w, https:\/\/vestigecollection.com\/wp-content\/uploads\/2023\/11\/1600x1066annie-spratt-qRdZIV_DJ-c-unsplash-300x200.jpg 300w, https:\/\/vestigecollection.com\/wp-content\/uploads\/2023\/11\/1600x1066annie-spratt-qRdZIV_DJ-c-unsplash-1024x682.jpg 1024w, https:\/\/vestigecollection.com\/wp-content\/uploads\/2023\/11\/1600x1066annie-spratt-qRdZIV_DJ-c-unsplash-768x512.jpg 768w, https:\/\/vestigecollection.com\/wp-content\/uploads\/2023\/11\/1600x1066annie-spratt-qRdZIV_DJ-c-unsplash-1536x1023.jpg 1536w, https:\/\/vestigecollection.com\/wp-content\/uploads\/2023\/11\/1600x1066annie-spratt-qRdZIV_DJ-c-unsplash-600x400.jpg 600w, https:\/\/vestigecollection.com\/wp-content\/uploads\/2023\/11\/1600x1066annie-spratt-qRdZIV_DJ-c-unsplash-1200x800.jpg 1200w\" sizes=\"auto, (max-width: 1091px) 100vw, 1091px\" \/><\/p>\n","protected":false},"excerpt":{"rendered":"<p>Les traditionnelles f\u00eates de fin d\u2019ann\u00e9e en Espagne m\u00ealent c\u00e9l\u00e9brations religieuses et la\u00efques, impr\u00e9gn\u00e9es d\u2019histoire et de culture. Elles sont c\u00e9l\u00e9br\u00e9es avec joie dans tout le pays de la mi-d\u00e9cembre \u00e0 l\u2019\u00c9piphanie, d\u00e9but janvier. Si nombre de traditions sont communes \u00e0 l\u2019ensemble du pays, chaque r\u00e9gion poss\u00e8de ses propres coutumes, qu\u2019il s\u2019agisse d\u2019envelopper dans une [&hellip;]<\/p>\n","protected":false},"author":12,"featured_media":1555,"comment_status":"open","ping_status":"open","sticky":false,"template":"","format":"standard","meta":{"_acf_changed":false,"footnotes":""},"categories":[28,29],"tags":[],"class_list":["post-1580","post","type-post","status-publish","format-standard","has-post-thumbnail","hentry","category-minorque","category-asturies"],"acf":[],"yoast_head":"<!-- This site is optimized with the Yoast SEO plugin v27.2 - https:\/\/yoast.com\/product\/yoast-seo-wordpress\/ -->\n<title>LA VIE EST UNE F\u00caTE, ET TOUT LE MONDE EST INVIT\u00c9 - Vestige Collection<\/title>\n<meta name=\"robots\" content=\"index, follow, max-snippet:-1, max-image-preview:large, max-video-preview:-1\" \/>\n<link rel=\"canonical\" href=\"https:\/\/vestigecollection.com\/fr\/la-vie-est-une-fete-et-tout-le-monde-est-invite\/\" \/>\n<meta property=\"og:locale\" content=\"fr_FR\" \/>\n<meta property=\"og:type\" content=\"article\" \/>\n<meta property=\"og:title\" content=\"LA VIE EST UNE F\u00caTE, ET TOUT LE MONDE EST INVIT\u00c9 - Vestige Collection\" \/>\n<meta property=\"og:description\" content=\"Les traditionnelles f\u00eates de fin d\u2019ann\u00e9e en Espagne m\u00ealent c\u00e9l\u00e9brations religieuses et la\u00efques, impr\u00e9gn\u00e9es d\u2019histoire et de culture. Elles sont c\u00e9l\u00e9br\u00e9es avec joie dans tout le pays de la mi-d\u00e9cembre \u00e0 l\u2019\u00c9piphanie, d\u00e9but janvier. Si nombre de traditions sont communes \u00e0 l\u2019ensemble du pays, chaque r\u00e9gion poss\u00e8de ses propres coutumes, qu\u2019il s\u2019agisse d\u2019envelopper dans une [&hellip;]\" \/>\n<meta property=\"og:url\" content=\"https:\/\/vestigecollection.com\/fr\/la-vie-est-une-fete-et-tout-le-monde-est-invite\/\" \/>\n<meta property=\"og:site_name\" content=\"Vestige Collection\" \/>\n<meta property=\"article:published_time\" content=\"2023-11-07T16:22:20+00:00\" \/>\n<meta property=\"article:modified_time\" content=\"2023-11-07T16:22:33+00:00\" \/>\n<meta property=\"og:image\" content=\"https:\/\/vestigecollection.com\/wp-content\/uploads\/2023\/11\/iStock-1188626756_1600X1066.jpg\" \/>\n\t<meta property=\"og:image:width\" content=\"1600\" \/>\n\t<meta property=\"og:image:height\" content=\"1066\" \/>\n\t<meta property=\"og:image:type\" content=\"image\/jpeg\" \/>\n<meta name=\"author\" content=\"celia\" \/>\n<meta name=\"twitter:card\" content=\"summary_large_image\" \/>\n<meta name=\"twitter:label1\" content=\"\u00c9crit par\" \/>\n\t<meta name=\"twitter:data1\" content=\"celia\" \/>\n\t<meta name=\"twitter:label2\" content=\"Dur\u00e9e de lecture estim\u00e9e\" \/>\n\t<meta name=\"twitter:data2\" content=\"4 minutes\" \/>\n<script type=\"application\/ld+json\" class=\"yoast-schema-graph\">{\"@context\":\"https:\/\/schema.org\",\"@graph\":[{\"@type\":\"Article\",\"@id\":\"https:\/\/vestigecollection.com\/fr\/la-vie-est-une-fete-et-tout-le-monde-est-invite\/#article\",\"isPartOf\":{\"@id\":\"https:\/\/vestigecollection.com\/fr\/la-vie-est-une-fete-et-tout-le-monde-est-invite\/\"},\"author\":{\"name\":\"celia\",\"@id\":\"https:\/\/vestigecollection.com\/fr\/#\/schema\/person\/9aea2d88e1bad3cc08730e33d1a53712\"},\"headline\":\"LA VIE EST UNE F\u00caTE, ET TOUT LE MONDE EST INVIT\u00c9\",\"datePublished\":\"2023-11-07T16:22:20+00:00\",\"dateModified\":\"2023-11-07T16:22:33+00:00\",\"mainEntityOfPage\":{\"@id\":\"https:\/\/vestigecollection.com\/fr\/la-vie-est-une-fete-et-tout-le-monde-est-invite\/\"},\"wordCount\":801,\"commentCount\":0,\"image\":{\"@id\":\"https:\/\/vestigecollection.com\/fr\/la-vie-est-une-fete-et-tout-le-monde-est-invite\/#primaryimage\"},\"thumbnailUrl\":\"https:\/\/vestigecollection.com\/wp-content\/uploads\/2023\/11\/iStock-1188626756_1600X1066.jpg\",\"articleSection\":[\"MINORQUE\",\"ASTURIES\"],\"inLanguage\":\"fr-FR\",\"potentialAction\":[{\"@type\":\"CommentAction\",\"name\":\"Comment\",\"target\":[\"https:\/\/vestigecollection.com\/fr\/la-vie-est-une-fete-et-tout-le-monde-est-invite\/#respond\"]}]},{\"@type\":\"WebPage\",\"@id\":\"https:\/\/vestigecollection.com\/fr\/la-vie-est-une-fete-et-tout-le-monde-est-invite\/\",\"url\":\"https:\/\/vestigecollection.com\/fr\/la-vie-est-une-fete-et-tout-le-monde-est-invite\/\",\"name\":\"LA VIE EST UNE F\u00caTE, ET TOUT LE MONDE EST INVIT\u00c9 - Vestige Collection\",\"isPartOf\":{\"@id\":\"https:\/\/vestigecollection.com\/fr\/#website\"},\"primaryImageOfPage\":{\"@id\":\"https:\/\/vestigecollection.com\/fr\/la-vie-est-une-fete-et-tout-le-monde-est-invite\/#primaryimage\"},\"image\":{\"@id\":\"https:\/\/vestigecollection.com\/fr\/la-vie-est-une-fete-et-tout-le-monde-est-invite\/#primaryimage\"},\"thumbnailUrl\":\"https:\/\/vestigecollection.com\/wp-content\/uploads\/2023\/11\/iStock-1188626756_1600X1066.jpg\",\"datePublished\":\"2023-11-07T16:22:20+00:00\",\"dateModified\":\"2023-11-07T16:22:33+00:00\",\"author\":{\"@id\":\"https:\/\/vestigecollection.com\/fr\/#\/schema\/person\/9aea2d88e1bad3cc08730e33d1a53712\"},\"breadcrumb\":{\"@id\":\"https:\/\/vestigecollection.com\/fr\/la-vie-est-une-fete-et-tout-le-monde-est-invite\/#breadcrumb\"},\"inLanguage\":\"fr-FR\",\"potentialAction\":[{\"@type\":\"ReadAction\",\"target\":[\"https:\/\/vestigecollection.com\/fr\/la-vie-est-une-fete-et-tout-le-monde-est-invite\/\"]}]},{\"@type\":\"ImageObject\",\"inLanguage\":\"fr-FR\",\"@id\":\"https:\/\/vestigecollection.com\/fr\/la-vie-est-une-fete-et-tout-le-monde-est-invite\/#primaryimage\",\"url\":\"https:\/\/vestigecollection.com\/wp-content\/uploads\/2023\/11\/iStock-1188626756_1600X1066.jpg\",\"contentUrl\":\"https:\/\/vestigecollection.com\/wp-content\/uploads\/2023\/11\/iStock-1188626756_1600X1066.jpg\",\"width\":1600,\"height\":1066,\"caption\":\"iStock 1188626756 1600X1066\"},{\"@type\":\"BreadcrumbList\",\"@id\":\"https:\/\/vestigecollection.com\/fr\/la-vie-est-une-fete-et-tout-le-monde-est-invite\/#breadcrumb\",\"itemListElement\":[{\"@type\":\"ListItem\",\"position\":1,\"name\":\"Home\",\"item\":\"https:\/\/vestigecollection.com\/fr\/\"},{\"@type\":\"ListItem\",\"position\":2,\"name\":\"LA VIE EST UNE F\u00caTE, ET TOUT LE MONDE EST INVIT\u00c9\"}]},{\"@type\":\"WebSite\",\"@id\":\"https:\/\/vestigecollection.com\/fr\/#website\",\"url\":\"https:\/\/vestigecollection.com\/fr\/\",\"name\":\"Vestige Collection\",\"description\":\"Hoteles y fincas privadas\",\"potentialAction\":[{\"@type\":\"SearchAction\",\"target\":{\"@type\":\"EntryPoint\",\"urlTemplate\":\"https:\/\/vestigecollection.com\/fr\/?s={search_term_string}\"},\"query-input\":{\"@type\":\"PropertyValueSpecification\",\"valueRequired\":true,\"valueName\":\"search_term_string\"}}],\"inLanguage\":\"fr-FR\"},{\"@type\":\"Person\",\"@id\":\"https:\/\/vestigecollection.com\/fr\/#\/schema\/person\/9aea2d88e1bad3cc08730e33d1a53712\",\"name\":\"celia\",\"image\":{\"@type\":\"ImageObject\",\"inLanguage\":\"fr-FR\",\"@id\":\"https:\/\/secure.gravatar.com\/avatar\/0603269103118debd1bbf1de700892df656c828016655bd7b4450bac777e5749?s=96&d=mm&r=g\",\"url\":\"https:\/\/secure.gravatar.com\/avatar\/0603269103118debd1bbf1de700892df656c828016655bd7b4450bac777e5749?s=96&d=mm&r=g\",\"contentUrl\":\"https:\/\/secure.gravatar.com\/avatar\/0603269103118debd1bbf1de700892df656c828016655bd7b4450bac777e5749?s=96&d=mm&r=g\",\"caption\":\"celia\"}}]}<\/script>\n<!-- \/ Yoast SEO plugin. -->","yoast_head_json":{"title":"LA VIE EST UNE F\u00caTE, ET TOUT LE MONDE EST INVIT\u00c9 - Vestige Collection","robots":{"index":"index","follow":"follow","max-snippet":"max-snippet:-1","max-image-preview":"max-image-preview:large","max-video-preview":"max-video-preview:-1"},"canonical":"https:\/\/vestigecollection.com\/fr\/la-vie-est-une-fete-et-tout-le-monde-est-invite\/","og_locale":"fr_FR","og_type":"article","og_title":"LA VIE EST UNE F\u00caTE, ET TOUT LE MONDE EST INVIT\u00c9 - Vestige Collection","og_description":"Les traditionnelles f\u00eates de fin d\u2019ann\u00e9e en Espagne m\u00ealent c\u00e9l\u00e9brations religieuses et la\u00efques, impr\u00e9gn\u00e9es d\u2019histoire et de culture. Elles sont c\u00e9l\u00e9br\u00e9es avec joie dans tout le pays de la mi-d\u00e9cembre \u00e0 l\u2019\u00c9piphanie, d\u00e9but janvier. Si nombre de traditions sont communes \u00e0 l\u2019ensemble du pays, chaque r\u00e9gion poss\u00e8de ses propres coutumes, qu\u2019il s\u2019agisse d\u2019envelopper dans une [&hellip;]","og_url":"https:\/\/vestigecollection.com\/fr\/la-vie-est-une-fete-et-tout-le-monde-est-invite\/","og_site_name":"Vestige Collection","article_published_time":"2023-11-07T16:22:20+00:00","article_modified_time":"2023-11-07T16:22:33+00:00","og_image":[{"width":1600,"height":1066,"url":"https:\/\/vestigecollection.com\/wp-content\/uploads\/2023\/11\/iStock-1188626756_1600X1066.jpg","type":"image\/jpeg"}],"author":"celia","twitter_card":"summary_large_image","twitter_misc":{"\u00c9crit par":"celia","Dur\u00e9e de lecture estim\u00e9e":"4 minutes"},"schema":{"@context":"https:\/\/schema.org","@graph":[{"@type":"Article","@id":"https:\/\/vestigecollection.com\/fr\/la-vie-est-une-fete-et-tout-le-monde-est-invite\/#article","isPartOf":{"@id":"https:\/\/vestigecollection.com\/fr\/la-vie-est-une-fete-et-tout-le-monde-est-invite\/"},"author":{"name":"celia","@id":"https:\/\/vestigecollection.com\/fr\/#\/schema\/person\/9aea2d88e1bad3cc08730e33d1a53712"},"headline":"LA VIE EST UNE F\u00caTE, ET TOUT LE MONDE EST INVIT\u00c9","datePublished":"2023-11-07T16:22:20+00:00","dateModified":"2023-11-07T16:22:33+00:00","mainEntityOfPage":{"@id":"https:\/\/vestigecollection.com\/fr\/la-vie-est-une-fete-et-tout-le-monde-est-invite\/"},"wordCount":801,"commentCount":0,"image":{"@id":"https:\/\/vestigecollection.com\/fr\/la-vie-est-une-fete-et-tout-le-monde-est-invite\/#primaryimage"},"thumbnailUrl":"https:\/\/vestigecollection.com\/wp-content\/uploads\/2023\/11\/iStock-1188626756_1600X1066.jpg","articleSection":["MINORQUE","ASTURIES"],"inLanguage":"fr-FR","potentialAction":[{"@type":"CommentAction","name":"Comment","target":["https:\/\/vestigecollection.com\/fr\/la-vie-est-une-fete-et-tout-le-monde-est-invite\/#respond"]}]},{"@type":"WebPage","@id":"https:\/\/vestigecollection.com\/fr\/la-vie-est-une-fete-et-tout-le-monde-est-invite\/","url":"https:\/\/vestigecollection.com\/fr\/la-vie-est-une-fete-et-tout-le-monde-est-invite\/","name":"LA VIE EST UNE F\u00caTE, ET TOUT LE MONDE EST INVIT\u00c9 - Vestige Collection","isPartOf":{"@id":"https:\/\/vestigecollection.com\/fr\/#website"},"primaryImageOfPage":{"@id":"https:\/\/vestigecollection.com\/fr\/la-vie-est-une-fete-et-tout-le-monde-est-invite\/#primaryimage"},"image":{"@id":"https:\/\/vestigecollection.com\/fr\/la-vie-est-une-fete-et-tout-le-monde-est-invite\/#primaryimage"},"thumbnailUrl":"https:\/\/vestigecollection.com\/wp-content\/uploads\/2023\/11\/iStock-1188626756_1600X1066.jpg","datePublished":"2023-11-07T16:22:20+00:00","dateModified":"2023-11-07T16:22:33+00:00","author":{"@id":"https:\/\/vestigecollection.com\/fr\/#\/schema\/person\/9aea2d88e1bad3cc08730e33d1a53712"},"breadcrumb":{"@id":"https:\/\/vestigecollection.com\/fr\/la-vie-est-une-fete-et-tout-le-monde-est-invite\/#breadcrumb"},"inLanguage":"fr-FR","potentialAction":[{"@type":"ReadAction","target":["https:\/\/vestigecollection.com\/fr\/la-vie-est-une-fete-et-tout-le-monde-est-invite\/"]}]},{"@type":"ImageObject","inLanguage":"fr-FR","@id":"https:\/\/vestigecollection.com\/fr\/la-vie-est-une-fete-et-tout-le-monde-est-invite\/#primaryimage","url":"https:\/\/vestigecollection.com\/wp-content\/uploads\/2023\/11\/iStock-1188626756_1600X1066.jpg","contentUrl":"https:\/\/vestigecollection.com\/wp-content\/uploads\/2023\/11\/iStock-1188626756_1600X1066.jpg","width":1600,"height":1066,"caption":"iStock 1188626756 1600X1066"},{"@type":"BreadcrumbList","@id":"https:\/\/vestigecollection.com\/fr\/la-vie-est-une-fete-et-tout-le-monde-est-invite\/#breadcrumb","itemListElement":[{"@type":"ListItem","position":1,"name":"Home","item":"https:\/\/vestigecollection.com\/fr\/"},{"@type":"ListItem","position":2,"name":"LA VIE EST UNE F\u00caTE, ET TOUT LE MONDE EST INVIT\u00c9"}]},{"@type":"WebSite","@id":"https:\/\/vestigecollection.com\/fr\/#website","url":"https:\/\/vestigecollection.com\/fr\/","name":"Vestige Collection","description":"Hoteles y fincas privadas","potentialAction":[{"@type":"SearchAction","target":{"@type":"EntryPoint","urlTemplate":"https:\/\/vestigecollection.com\/fr\/?s={search_term_string}"},"query-input":{"@type":"PropertyValueSpecification","valueRequired":true,"valueName":"search_term_string"}}],"inLanguage":"fr-FR"},{"@type":"Person","@id":"https:\/\/vestigecollection.com\/fr\/#\/schema\/person\/9aea2d88e1bad3cc08730e33d1a53712","name":"celia","image":{"@type":"ImageObject","inLanguage":"fr-FR","@id":"https:\/\/secure.gravatar.com\/avatar\/0603269103118debd1bbf1de700892df656c828016655bd7b4450bac777e5749?s=96&d=mm&r=g","url":"https:\/\/secure.gravatar.com\/avatar\/0603269103118debd1bbf1de700892df656c828016655bd7b4450bac777e5749?s=96&d=mm&r=g","contentUrl":"https:\/\/secure.gravatar.com\/avatar\/0603269103118debd1bbf1de700892df656c828016655bd7b4450bac777e5749?s=96&d=mm&r=g","caption":"celia"}}]}},"_links":{"self":[{"href":"https:\/\/vestigecollection.com\/fr\/wp-json\/wp\/v2\/posts\/1580","targetHints":{"allow":["GET"]}}],"collection":[{"href":"https:\/\/vestigecollection.com\/fr\/wp-json\/wp\/v2\/posts"}],"about":[{"href":"https:\/\/vestigecollection.com\/fr\/wp-json\/wp\/v2\/types\/post"}],"author":[{"embeddable":true,"href":"https:\/\/vestigecollection.com\/fr\/wp-json\/wp\/v2\/users\/12"}],"replies":[{"embeddable":true,"href":"https:\/\/vestigecollection.com\/fr\/wp-json\/wp\/v2\/comments?post=1580"}],"version-history":[{"count":2,"href":"https:\/\/vestigecollection.com\/fr\/wp-json\/wp\/v2\/posts\/1580\/revisions"}],"predecessor-version":[{"id":1585,"href":"https:\/\/vestigecollection.com\/fr\/wp-json\/wp\/v2\/posts\/1580\/revisions\/1585"}],"wp:featuredmedia":[{"embeddable":true,"href":"https:\/\/vestigecollection.com\/fr\/wp-json\/wp\/v2\/media\/1555"}],"wp:attachment":[{"href":"https:\/\/vestigecollection.com\/fr\/wp-json\/wp\/v2\/media?parent=1580"}],"wp:term":[{"taxonomy":"category","embeddable":true,"href":"https:\/\/vestigecollection.com\/fr\/wp-json\/wp\/v2\/categories?post=1580"},{"taxonomy":"post_tag","embeddable":true,"href":"https:\/\/vestigecollection.com\/fr\/wp-json\/wp\/v2\/tags?post=1580"}],"curies":[{"name":"wp","href":"https:\/\/api.w.org\/{rel}","templated":true}]}}